{"id":2352,"date":"2026-08-30T19:56:43","date_gmt":"2026-08-30T17:56:43","guid":{"rendered":"https:\/\/vfr-badsalzig.de\/?p=2352"},"modified":"2026-08-30T19:56:43","modified_gmt":"2026-08-30T17:56:43","slug":"bitteres-remis-fuer-den-vfr","status":"publish","type":"post","link":"https:\/\/vfr-badsalzig.de\/?p=2352","title":{"rendered":"Bitteres Remis f\u00fcr den VfR"},"content":{"rendered":"<p class=\"p2\"><span class=\"s1\">Der VfR Salisso Bad Salzig musste sich am Sonntag trotz einer \u00fcber weite Strecken starken und engagierten Leistung mit einem 1:1 gegen den <\/span><span class=\"s2\">TuS Treis-Karden<\/span><span class=\"s1\"> begn\u00fcgen. Besonders bitter: Der VfR hatte zahlreiche gute M\u00f6glichkeiten und traf gleich viermal Aluminium.<\/span><\/p>\n<p class=\"p2\"><span class=\"s1\">Von Beginn an \u00fcbernahm der VfR vor heimischer Kulisse die Initiative und erspielte sich gute Chancen. In der 8. Minute setzte sich Lukas auf der linken Seite durch und kam zum Abschluss. Sein Versuch wurde zur Ecke abgef\u00e4lscht. Wenige Minuten sp\u00e4ter war es erneut Lukas, der aus aussichtsreicher Position abschloss, jedoch im Torwart der G\u00e4ste seinen Meister fand.<\/span><\/p>\n<p class=\"p2\"><span class=\"s1\">Der <\/span><span class=\"s2\">TuS Treis-Karden<\/span><span class=\"s1\"> setzte dagegen \u00fcber die gesamte Spielzeit vor allem auf lange B\u00e4lle und versuchte, mit diesem Mittel die Bad Salziger Defensive zu \u00fcberwinden und \u00fcber Konter f\u00fcr Gefahr zu sorgen. Der VfR lie\u00df sich davon jedoch zun\u00e4chst nicht beeindrucken und blieb die spielbestimmende Mannschaft.<\/span><\/p>\n<p class=\"p2\"><span class=\"s1\">In der 34. Minute fehlte nur wenig zur F\u00fchrung. Darius zog aus der Distanz ab, sein Schuss knallte an die Querlatte und sprang zur\u00fcck ins Spielfeld. Kurz vor der Pause hatte auch Korsa Pech: Nach einem schnellen Spielzug kam er aus der Drehung zum Abschluss, doch der Ball traf nur den Au\u00dfenpfosten.<\/span><\/p>\n<p class=\"p2\"><span class=\"s1\">Auch nach dem Seitenwechsel blieb der VfR am Dr\u00fccker. In der 61. Minute fiel schlie\u00dflich der l\u00e4ngst verdiente F\u00fchrungstreffer. Nach einer Ecke stieg Maxi hoch und setzte einen Kopfball optimal in Richtung Tor. Ein Feldspieler der G\u00e4ste verhinderte den Treffer jedoch mit der Hand. Der Schiedsrichter zeigte die Rote Karte und entschied auf Elfmeter.<\/span><\/p>\n<p class=\"p2\"><span class=\"s1\">Leon \u00fcbernahm die Verantwortung und verwandelte den Strafsto\u00df sicher zum <\/span><span class=\"s2\">1:0<\/span><span class=\"s1\">. Der TuS Treis-Karden musste die Partie nun in Unterzahl fortsetzen und zog sich noch weiter zur\u00fcck. Der VfR dr\u00e4ngte auf die Entscheidung, w\u00e4hrend die G\u00e4ste weiterhin vor allem mit langen B\u00e4llen auf Konter lauerten.<\/span><\/p>\n<p class=\"p2\"><span class=\"s1\">Die Vorentscheidung wollte jedoch nicht fallen. In der 72. Minute traf Darius erneut den Au\u00dfenpfosten. Nur zwei Minuten sp\u00e4ter hatte Korsa die n\u00e4chste gro\u00dfe Gelegenheit, doch sein Kopfball landete an der Querlatte. Damit hatte der VfR bereits viermal das Aluminium getroffen.<\/span><\/p>\n<p class=\"p2\"><span class=\"s1\">So blieb der TuS Treis-Karden trotz Unterzahl im Spiel \u2013 und der VfR sollte seine mangelnde Chancenverwertung noch bitter bezahlen. In der 90. Minute kam ein G\u00e4stespieler im Bad Salziger Strafraum nach einem Kontakt zu Fall. Der Schiedsrichter entschied auf Strafsto\u00df. Tobias im VfR-Tor konnte den Elfmeter nicht parieren, sodass der TuS Treis-Karden in der Schlussminute noch zum <\/span><span class=\"s2\">1:1-Ausgleich<\/span><span class=\"s1\"> kam.<\/span><\/p>\n<p class=\"p2\"><span class=\"s1\">F\u00fcr den VfR war der sp\u00e4te Ausgleich besonders bitter. \u00dcber weite Strecken hatte die Heimelf das Spiel bestimmt, zahlreiche Chancen herausgespielt und gleich viermal Aluminium getroffen. Am Ende blieb trotz einer engagierten Vorstellung lediglich ein Punkt. Aufgrund des Spielverlaufs f\u00fchlte sich das 1:1 f\u00fcr den VfR wie zwei verlorene Punkte an.<\/span><\/p>\n","protected":false},"excerpt":{"rendered":"<p>Der VfR Salisso Bad Salzig musste sich am Sonntag trotz einer \u00fcber weite Strecken starken und engagierten Leistung mit einem 1:1 gegen den TuS Treis-Karden begn\u00fcgen. Besonders bitter: Der VfR hatte zahlreiche gute M\u00f6glichkeiten und traf gleich viermal Aluminium. Von Beginn an \u00fcbernahm der VfR vor heimischer Kulisse die Initiative <a class=\"more-link\" href=\"https:\/\/vfr-badsalzig.de\/?p=2352\"><span class=\"screen-reader-text\">  Bitteres Remis f\u00fcr den VfR<\/span> weiterlesen<span class=\"meta-nav\">&rarr;<\/span><\/a><\/p>\n","protected":false},"author":7,"featured_media":2353,"comment_status":"closed","ping_status":"open","sticky":false,"template":"","format":"standard","meta":{"footnotes":""},"categories":[13],"tags":[],"class_list":["post-2352","post","type-post","status-publish","format-standard","has-post-thumbnail","hentry","category-senioren"],"_links":{"self":[{"href":"https:\/\/vfr-badsalzig.de\/index.php?rest_route=\/wp\/v2\/posts\/2352","targetHints":{"allow":["GET"]}}],"collection":[{"href":"https:\/\/vfr-badsalzig.de\/index.php?rest_route=\/wp\/v2\/posts"}],"about":[{"href":"https:\/\/vfr-badsalzig.de\/index.php?rest_route=\/wp\/v2\/types\/post"}],"author":[{"embeddable":true,"href":"https:\/\/vfr-badsalzig.de\/index.php?rest_route=\/wp\/v2\/users\/7"}],"replies":[{"embeddable":true,"href":"https:\/\/vfr-badsalzig.de\/index.php?rest_route=%2Fwp%2Fv2%2Fcomments&post=2352"}],"version-history":[{"count":1,"href":"https:\/\/vfr-badsalzig.de\/index.php?rest_route=\/wp\/v2\/posts\/2352\/revisions"}],"predecessor-version":[{"id":2354,"href":"https:\/\/vfr-badsalzig.de\/index.php?rest_route=\/wp\/v2\/posts\/2352\/revisions\/2354"}],"wp:featuredmedia":[{"embeddable":true,"href":"https:\/\/vfr-badsalzig.de\/index.php?rest_route=\/wp\/v2\/media\/2353"}],"wp:attachment":[{"href":"https:\/\/vfr-badsalzig.de\/index.php?rest_route=%2Fwp%2Fv2%2Fmedia&parent=2352"}],"wp:term":[{"taxonomy":"category","embeddable":true,"href":"https:\/\/vfr-badsalzig.de\/index.php?rest_route=%2Fwp%2Fv2%2Fcategories&post=2352"},{"taxonomy":"post_tag","embeddable":true,"href":"https:\/\/vfr-badsalzig.de\/index.php?rest_route=%2Fwp%2Fv2%2Ftags&post=2352"}],"curies":[{"name":"wp","href":"https:\/\/api.w.org\/{rel}","templated":true}]}}